{"id":3104,"date":"2025-04-01T18:05:23","date_gmt":"2025-04-01T16:05:23","guid":{"rendered":"https:\/\/stilfibra.com\/?p=3104"},"modified":"2025-04-01T18:31:11","modified_gmt":"2025-04-01T16:31:11","slug":"meubler-avec-erbi-design-innovant-et-materiaux-durables","status":"publish","type":"post","link":"https:\/\/stilfibra.com\/fr\/meubler-avec-erbi-design-innovant-et-materiaux-durables\/","title":{"rendered":"Meubler avec Erbi : design innovant et mat\u00e9riaux durables"},"content":{"rendered":"\n<h1 class=\"wp-block-heading\">Meubler avec Erbi : design innovant et mat\u00e9riaux durables<\/h1>\n\n\n\n<div style=\"height:25px\" aria-hidden=\"true\" class=\"wp-block-spacer\"><\/div>\n\n\n\n<figure class=\"wp-block-image size-large\"><img decoding=\"async\" width=\"1024\" height=\"682\" src=\"https:\/\/stilfibra.com\/wp-content\/uploads\/2025\/03\/1T8A5631-1024x682.jpg\" alt=\"\" class=\"wp-image-3080\" srcset=\"https:\/\/stilfibra.com\/wp-content\/uploads\/2025\/03\/1T8A5631-1024x682.jpg 1024w, https:\/\/stilfibra.com\/wp-content\/uploads\/2025\/03\/1T8A5631-300x200.jpg 300w, https:\/\/stilfibra.com\/wp-content\/uploads\/2025\/03\/1T8A5631-768x512.jpg 768w, https:\/\/stilfibra.com\/wp-content\/uploads\/2025\/03\/1T8A5631-1536x1024.jpg 1536w, https:\/\/stilfibra.com\/wp-content\/uploads\/2025\/03\/1T8A5631.jpg 2000w\" sizes=\"(max-width: 1024px) 100vw, 1024px\" \/><\/figure>\n\n\n\n<div style=\"height:25px\" aria-hidden=\"true\" class=\"wp-block-spacer\"><\/div>\n\n\n\n<p class=\"has-medium-font-size\">Le design durable rencontre le style contemporain : les chaises Erbi by Stilfibra trouvent \u00e9galement leur place dans les environnements domestiques, d\u00e9montrant leur polyvalence au-del\u00e0 de l&rsquo;univers du bureau. Sur ces images, nos chaises s&rsquo;int\u00e8grent harmonieusement dans une maison moderne, mettant en valeur l&rsquo;espace gr\u00e2ce \u00e0 des lignes \u00e9l\u00e9gantes et des mat\u00e9riaux innovants.<\/p>\n\n\n\n<p class=\"has-medium-font-size\">Fabriqu\u00e9es \u00e0 partir de plastique recycl\u00e9 et de d\u00e9chets de fibres v\u00e9g\u00e9tales, les chaises Erbi ne sont pas seulement un meuble, mais un choix conscient pour ceux qui veulent une maison \u00e9l\u00e9gante sans sacrifier la durabilit\u00e9. Parfaites pour la <strong>salle \u00e0 manger<\/strong>, le <strong>bureau <\/strong>ou le <strong>coin lecture<\/strong>, elles offrent un confort et une esth\u00e9tique minimaliste qui s&rsquo;adaptent \u00e0 diff\u00e9rents contextes.<\/p>\n\n\n\n<p class=\"has-medium-font-size\">Avec Stilfibra, le design devient un pont entre l&rsquo;innovation et la responsabilit\u00e9 environnementale, transformant chaque espace en un lieu accueillant et durable.<\/p>\n\n\n\n<p class=\"has-medium-font-size\">D\u00e9couvrez la collection Erbi et laissez-vous inspirer par le futur du mobilier durable.<\/p>\n\n\n\n<div style=\"height:25px\" aria-hidden=\"true\" class=\"wp-block-spacer\"><\/div>\n\n\n\n<div class=\"wp-block-group is-nowrap is-layout-flex wp-container-core-group-is-layout-ad2f72ca wp-block-group-is-layout-flex\">\n<figure class=\"wp-block-image size-large\"><img decoding=\"async\" width=\"819\" height=\"1024\" src=\"https:\/\/stilfibra.com\/wp-content\/uploads\/2025\/04\/12-819x1024.jpg\" alt=\"\" class=\"wp-image-3084\" srcset=\"https:\/\/stilfibra.com\/wp-content\/uploads\/2025\/04\/12-819x1024.jpg 819w, https:\/\/stilfibra.com\/wp-content\/uploads\/2025\/04\/12-240x300.jpg 240w, https:\/\/stilfibra.com\/wp-content\/uploads\/2025\/04\/12-768x960.jpg 768w, https:\/\/stilfibra.com\/wp-content\/uploads\/2025\/04\/12.jpg 1080w\" sizes=\"(max-width: 819px) 100vw, 819px\" \/><\/figure>\n\n\n\n<figure class=\"wp-block-image size-large\"><img decoding=\"async\" width=\"819\" height=\"1024\" src=\"https:\/\/stilfibra.com\/wp-content\/uploads\/2025\/04\/10-819x1024.jpg\" alt=\"\" class=\"wp-image-3090\" srcset=\"https:\/\/stilfibra.com\/wp-content\/uploads\/2025\/04\/10-819x1024.jpg 819w, https:\/\/stilfibra.com\/wp-content\/uploads\/2025\/04\/10-240x300.jpg 240w, https:\/\/stilfibra.com\/wp-content\/uploads\/2025\/04\/10-768x960.jpg 768w, https:\/\/stilfibra.com\/wp-content\/uploads\/2025\/04\/10.jpg 1080w\" sizes=\"(max-width: 819px) 100vw, 819px\" \/><\/figure>\n\n\n\n<figure class=\"wp-block-image size-large\"><img decoding=\"async\" width=\"819\" height=\"1024\" src=\"https:\/\/stilfibra.com\/wp-content\/uploads\/2025\/04\/9-1-819x1024.jpg\" alt=\"\" class=\"wp-image-3093\" srcset=\"https:\/\/stilfibra.com\/wp-content\/uploads\/2025\/04\/9-1-819x1024.jpg 819w, https:\/\/stilfibra.com\/wp-content\/uploads\/2025\/04\/9-1-240x300.jpg 240w, https:\/\/stilfibra.com\/wp-content\/uploads\/2025\/04\/9-1-768x960.jpg 768w, https:\/\/stilfibra.com\/wp-content\/uploads\/2025\/04\/9-1.jpg 1080w\" sizes=\"(max-width: 819px) 100vw, 819px\" \/><\/figure>\n<\/div>\n\n\n\n<div style=\"height:25px\" aria-hidden=\"true\" class=\"wp-block-spacer\"><\/div>\n\n\n\n<div class=\"wp-block-buttons is-content-justification-center is-layout-flex wp-container-core-buttons-is-layout-16018d1d wp-block-buttons-is-layout-flex\">\n<div class=\"wp-block-button\"><a class=\"wp-block-button__link has-background wp-element-button\" href=\"https:\/\/stilfibra.com\/fr\/?_gl=1%2A8zasif%2A_up%2AMQ..%2A_ga%2AOTA5ODI5MDQ2LjE3NDM1MjQ4MTM.%2A_ga_TNKPV079GP%2AMTc0MzUyNDgxMy4xLjAuMTc0MzUyNDgxMy4wLjAuMA..#contact_form\" style=\"background-color:#859c8b\">Contactez-nous<\/a><\/div>\n<\/div>\n","protected":false},"excerpt":{"rendered":"<p>Parfaites pour la salle \u00e0 manger, le bureau ou le coin lecture, elles offrent un confort et une esth\u00e9tique minimaliste qui s&rsquo;adaptent \u00e0 diff\u00e9rents contextes<\/p>\n","protected":false},"author":9,"featured_media":0,"comment_status":"closed","ping_status":"closed","sticky":false,"template":"","format":"standard","meta":{"footnotes":""},"categories":[18],"tags":[32],"class_list":["post-3104","post","type-post","status-publish","format-standard","hentry","category-non-classifiee","tag-portefeuille"],"yoast_head":"<!-- This site is optimized with the Yoast SEO plugin v22.9 - https:\/\/yoast.com\/wordpress\/plugins\/seo\/ -->\n<title>Meubler avec Erbi : design innovant et mat\u00e9riaux durables - StilFibra<\/title>\n<meta name=\"robots\" content=\"index, follow, max-snippet:-1, max-image-preview:large, max-video-preview:-1\" \/>\n<link rel=\"canonical\" href=\"https:\/\/stilfibra.com\/fr\/meubler-avec-erbi-design-innovant-et-materiaux-durables\/\" \/>\n<meta property=\"og:locale\" content=\"fr_FR\" \/>\n<meta property=\"og:type\" content=\"article\" \/>\n<meta property=\"og:title\" content=\"Meubler avec Erbi : design innovant et mat\u00e9riaux durables - StilFibra\" \/>\n<meta property=\"og:description\" content=\"Parfaites pour la salle \u00e0 manger, le bureau ou le coin lecture, elles offrent un confort et une esth\u00e9tique minimaliste qui s&#039;adaptent \u00e0 diff\u00e9rents contextes\" \/>\n<meta property=\"og:url\" content=\"https:\/\/stilfibra.com\/fr\/meubler-avec-erbi-design-innovant-et-materiaux-durables\/\" \/>\n<meta property=\"og:site_name\" content=\"StilFibra\" \/>\n<meta property=\"article:publisher\" content=\"https:\/\/www.facebook.com\/Stilfibra?locale=it_IT\" \/>\n<meta property=\"article:published_time\" content=\"2025-04-01T16:05:23+00:00\" \/>\n<meta property=\"article:modified_time\" content=\"2025-04-01T16:31:11+00:00\" \/>\n<meta property=\"og:image\" content=\"https:\/\/stilfibra.com\/wp-content\/uploads\/2025\/03\/1T8A5631-1024x682.jpg\" \/>\n<meta name=\"author\" content=\"Giulia\" \/>\n<meta name=\"twitter:card\" content=\"summary_large_image\" \/>\n<meta name=\"twitter:label1\" content=\"\u00c9crit par\" \/>\n\t<meta name=\"twitter:data1\" content=\"Giulia\" \/>\n\t<meta name=\"twitter:label2\" content=\"Dur\u00e9e de lecture estim\u00e9e\" \/>\n\t<meta name=\"twitter:data2\" content=\"2 minutes\" \/>\n<script type=\"application\/ld+json\" class=\"yoast-schema-graph\">{\"@context\":\"https:\/\/schema.org\",\"@graph\":[{\"@type\":\"Article\",\"@id\":\"https:\/\/stilfibra.com\/fr\/meubler-avec-erbi-design-innovant-et-materiaux-durables\/#article\",\"isPartOf\":{\"@id\":\"https:\/\/stilfibra.com\/fr\/meubler-avec-erbi-design-innovant-et-materiaux-durables\/\"},\"author\":{\"name\":\"Giulia\",\"@id\":\"https:\/\/stilfibra.com\/fr\/#\/schema\/person\/922ad438d032bc574210b7e49f2c4541\"},\"headline\":\"Meubler avec Erbi : design innovant et mat\u00e9riaux durables\",\"datePublished\":\"2025-04-01T16:05:23+00:00\",\"dateModified\":\"2025-04-01T16:31:11+00:00\",\"mainEntityOfPage\":{\"@id\":\"https:\/\/stilfibra.com\/fr\/meubler-avec-erbi-design-innovant-et-materiaux-durables\/\"},\"wordCount\":181,\"publisher\":{\"@id\":\"https:\/\/stilfibra.com\/fr\/#organization\"},\"image\":{\"@id\":\"https:\/\/stilfibra.com\/fr\/meubler-avec-erbi-design-innovant-et-materiaux-durables\/#primaryimage\"},\"thumbnailUrl\":\"https:\/\/stilfibra.com\/wp-content\/uploads\/2025\/03\/1T8A5631-1024x682.jpg\",\"keywords\":[\"Portefeuille\"],\"articleSection\":[\"Non classifi\u00e9(e)\"],\"inLanguage\":\"fr-FR\"},{\"@type\":\"WebPage\",\"@id\":\"https:\/\/stilfibra.com\/fr\/meubler-avec-erbi-design-innovant-et-materiaux-durables\/\",\"url\":\"https:\/\/stilfibra.com\/fr\/meubler-avec-erbi-design-innovant-et-materiaux-durables\/\",\"name\":\"Meubler avec Erbi : design innovant et mat\u00e9riaux durables - StilFibra\",\"isPartOf\":{\"@id\":\"https:\/\/stilfibra.com\/fr\/#website\"},\"primaryImageOfPage\":{\"@id\":\"https:\/\/stilfibra.com\/fr\/meubler-avec-erbi-design-innovant-et-materiaux-durables\/#primaryimage\"},\"image\":{\"@id\":\"https:\/\/stilfibra.com\/fr\/meubler-avec-erbi-design-innovant-et-materiaux-durables\/#primaryimage\"},\"thumbnailUrl\":\"https:\/\/stilfibra.com\/wp-content\/uploads\/2025\/03\/1T8A5631-1024x682.jpg\",\"datePublished\":\"2025-04-01T16:05:23+00:00\",\"dateModified\":\"2025-04-01T16:31:11+00:00\",\"breadcrumb\":{\"@id\":\"https:\/\/stilfibra.com\/fr\/meubler-avec-erbi-design-innovant-et-materiaux-durables\/#breadcrumb\"},\"inLanguage\":\"fr-FR\",\"potentialAction\":[{\"@type\":\"ReadAction\",\"target\":[\"https:\/\/stilfibra.com\/fr\/meubler-avec-erbi-design-innovant-et-materiaux-durables\/\"]}]},{\"@type\":\"ImageObject\",\"inLanguage\":\"fr-FR\",\"@id\":\"https:\/\/stilfibra.com\/fr\/meubler-avec-erbi-design-innovant-et-materiaux-durables\/#primaryimage\",\"url\":\"https:\/\/stilfibra.com\/wp-content\/uploads\/2025\/03\/1T8A5631-1024x682.jpg\",\"contentUrl\":\"https:\/\/stilfibra.com\/wp-content\/uploads\/2025\/03\/1T8A5631-1024x682.jpg\"},{\"@type\":\"BreadcrumbList\",\"@id\":\"https:\/\/stilfibra.com\/fr\/meubler-avec-erbi-design-innovant-et-materiaux-durables\/#breadcrumb\",\"itemListElement\":[{\"@type\":\"ListItem\",\"position\":1,\"name\":\"Home\",\"item\":\"https:\/\/stilfibra.com\/fr\/\"},{\"@type\":\"ListItem\",\"position\":2,\"name\":\"Meubler avec Erbi : design innovant et mat\u00e9riaux durables\"}]},{\"@type\":\"WebSite\",\"@id\":\"https:\/\/stilfibra.com\/fr\/#website\",\"url\":\"https:\/\/stilfibra.com\/fr\/\",\"name\":\"Stilfibra\",\"description\":\"StilFibra\",\"publisher\":{\"@id\":\"https:\/\/stilfibra.com\/fr\/#organization\"},\"potentialAction\":[{\"@type\":\"SearchAction\",\"target\":{\"@type\":\"EntryPoint\",\"urlTemplate\":\"https:\/\/stilfibra.com\/fr\/?s={search_term_string}\"},\"query-input\":\"required name=search_term_string\"}],\"inLanguage\":\"fr-FR\"},{\"@type\":\"Organization\",\"@id\":\"https:\/\/stilfibra.com\/fr\/#organization\",\"name\":\"Stilfibra\",\"url\":\"https:\/\/stilfibra.com\/fr\/\",\"logo\":{\"@type\":\"ImageObject\",\"inLanguage\":\"fr-FR\",\"@id\":\"https:\/\/stilfibra.com\/fr\/#\/schema\/logo\/image\/\",\"url\":\"https:\/\/stilfibra.com\/wp-content\/uploads\/2023\/09\/logo-stilfibra.png\",\"contentUrl\":\"https:\/\/stilfibra.com\/wp-content\/uploads\/2023\/09\/logo-stilfibra.png\",\"width\":3334,\"height\":693,\"caption\":\"Stilfibra\"},\"image\":{\"@id\":\"https:\/\/stilfibra.com\/fr\/#\/schema\/logo\/image\/\"},\"sameAs\":[\"https:\/\/www.facebook.com\/Stilfibra?locale=it_IT\",\"https:\/\/www.instagram.com\/stilfibra\/\"]},{\"@type\":\"Person\",\"@id\":\"https:\/\/stilfibra.com\/fr\/#\/schema\/person\/922ad438d032bc574210b7e49f2c4541\",\"name\":\"Giulia\",\"image\":{\"@type\":\"ImageObject\",\"inLanguage\":\"fr-FR\",\"@id\":\"https:\/\/stilfibra.com\/fr\/#\/schema\/person\/image\/\",\"url\":\"https:\/\/secure.gravatar.com\/avatar\/fc5fffa24a28f7f960f402d8a3c5af50a30eaffda97bfb473d8c94f37e6f02e0?s=96&d=mm&r=g\",\"contentUrl\":\"https:\/\/secure.gravatar.com\/avatar\/fc5fffa24a28f7f960f402d8a3c5af50a30eaffda97bfb473d8c94f37e6f02e0?s=96&d=mm&r=g\",\"caption\":\"Giulia\"},\"url\":\"https:\/\/stilfibra.com\/fr\/author\/giulia\/\"}]}<\/script>\n<!-- \/ Yoast SEO plugin. -->","yoast_head_json":{"title":"Meubler avec Erbi : design innovant et mat\u00e9riaux durables - StilFibra","robots":{"index":"index","follow":"follow","max-snippet":"max-snippet:-1","max-image-preview":"max-image-preview:large","max-video-preview":"max-video-preview:-1"},"canonical":"https:\/\/stilfibra.com\/fr\/meubler-avec-erbi-design-innovant-et-materiaux-durables\/","og_locale":"fr_FR","og_type":"article","og_title":"Meubler avec Erbi : design innovant et mat\u00e9riaux durables - StilFibra","og_description":"Parfaites pour la salle \u00e0 manger, le bureau ou le coin lecture, elles offrent un confort et une esth\u00e9tique minimaliste qui s'adaptent \u00e0 diff\u00e9rents contextes","og_url":"https:\/\/stilfibra.com\/fr\/meubler-avec-erbi-design-innovant-et-materiaux-durables\/","og_site_name":"StilFibra","article_publisher":"https:\/\/www.facebook.com\/Stilfibra?locale=it_IT","article_published_time":"2025-04-01T16:05:23+00:00","article_modified_time":"2025-04-01T16:31:11+00:00","og_image":[{"url":"https:\/\/stilfibra.com\/wp-content\/uploads\/2025\/03\/1T8A5631-1024x682.jpg"}],"author":"Giulia","twitter_card":"summary_large_image","twitter_misc":{"\u00c9crit par":"Giulia","Dur\u00e9e de lecture estim\u00e9e":"2 minutes"},"schema":{"@context":"https:\/\/schema.org","@graph":[{"@type":"Article","@id":"https:\/\/stilfibra.com\/fr\/meubler-avec-erbi-design-innovant-et-materiaux-durables\/#article","isPartOf":{"@id":"https:\/\/stilfibra.com\/fr\/meubler-avec-erbi-design-innovant-et-materiaux-durables\/"},"author":{"name":"Giulia","@id":"https:\/\/stilfibra.com\/fr\/#\/schema\/person\/922ad438d032bc574210b7e49f2c4541"},"headline":"Meubler avec Erbi : design innovant et mat\u00e9riaux durables","datePublished":"2025-04-01T16:05:23+00:00","dateModified":"2025-04-01T16:31:11+00:00","mainEntityOfPage":{"@id":"https:\/\/stilfibra.com\/fr\/meubler-avec-erbi-design-innovant-et-materiaux-durables\/"},"wordCount":181,"publisher":{"@id":"https:\/\/stilfibra.com\/fr\/#organization"},"image":{"@id":"https:\/\/stilfibra.com\/fr\/meubler-avec-erbi-design-innovant-et-materiaux-durables\/#primaryimage"},"thumbnailUrl":"https:\/\/stilfibra.com\/wp-content\/uploads\/2025\/03\/1T8A5631-1024x682.jpg","keywords":["Portefeuille"],"articleSection":["Non classifi\u00e9(e)"],"inLanguage":"fr-FR"},{"@type":"WebPage","@id":"https:\/\/stilfibra.com\/fr\/meubler-avec-erbi-design-innovant-et-materiaux-durables\/","url":"https:\/\/stilfibra.com\/fr\/meubler-avec-erbi-design-innovant-et-materiaux-durables\/","name":"Meubler avec Erbi : design innovant et mat\u00e9riaux durables - StilFibra","isPartOf":{"@id":"https:\/\/stilfibra.com\/fr\/#website"},"primaryImageOfPage":{"@id":"https:\/\/stilfibra.com\/fr\/meubler-avec-erbi-design-innovant-et-materiaux-durables\/#primaryimage"},"image":{"@id":"https:\/\/stilfibra.com\/fr\/meubler-avec-erbi-design-innovant-et-materiaux-durables\/#primaryimage"},"thumbnailUrl":"https:\/\/stilfibra.com\/wp-content\/uploads\/2025\/03\/1T8A5631-1024x682.jpg","datePublished":"2025-04-01T16:05:23+00:00","dateModified":"2025-04-01T16:31:11+00:00","breadcrumb":{"@id":"https:\/\/stilfibra.com\/fr\/meubler-avec-erbi-design-innovant-et-materiaux-durables\/#breadcrumb"},"inLanguage":"fr-FR","potentialAction":[{"@type":"ReadAction","target":["https:\/\/stilfibra.com\/fr\/meubler-avec-erbi-design-innovant-et-materiaux-durables\/"]}]},{"@type":"ImageObject","inLanguage":"fr-FR","@id":"https:\/\/stilfibra.com\/fr\/meubler-avec-erbi-design-innovant-et-materiaux-durables\/#primaryimage","url":"https:\/\/stilfibra.com\/wp-content\/uploads\/2025\/03\/1T8A5631-1024x682.jpg","contentUrl":"https:\/\/stilfibra.com\/wp-content\/uploads\/2025\/03\/1T8A5631-1024x682.jpg"},{"@type":"BreadcrumbList","@id":"https:\/\/stilfibra.com\/fr\/meubler-avec-erbi-design-innovant-et-materiaux-durables\/#breadcrumb","itemListElement":[{"@type":"ListItem","position":1,"name":"Home","item":"https:\/\/stilfibra.com\/fr\/"},{"@type":"ListItem","position":2,"name":"Meubler avec Erbi : design innovant et mat\u00e9riaux durables"}]},{"@type":"WebSite","@id":"https:\/\/stilfibra.com\/fr\/#website","url":"https:\/\/stilfibra.com\/fr\/","name":"Stilfibra","description":"StilFibra","publisher":{"@id":"https:\/\/stilfibra.com\/fr\/#organization"},"potentialAction":[{"@type":"SearchAction","target":{"@type":"EntryPoint","urlTemplate":"https:\/\/stilfibra.com\/fr\/?s={search_term_string}"},"query-input":"required name=search_term_string"}],"inLanguage":"fr-FR"},{"@type":"Organization","@id":"https:\/\/stilfibra.com\/fr\/#organization","name":"Stilfibra","url":"https:\/\/stilfibra.com\/fr\/","logo":{"@type":"ImageObject","inLanguage":"fr-FR","@id":"https:\/\/stilfibra.com\/fr\/#\/schema\/logo\/image\/","url":"https:\/\/stilfibra.com\/wp-content\/uploads\/2023\/09\/logo-stilfibra.png","contentUrl":"https:\/\/stilfibra.com\/wp-content\/uploads\/2023\/09\/logo-stilfibra.png","width":3334,"height":693,"caption":"Stilfibra"},"image":{"@id":"https:\/\/stilfibra.com\/fr\/#\/schema\/logo\/image\/"},"sameAs":["https:\/\/www.facebook.com\/Stilfibra?locale=it_IT","https:\/\/www.instagram.com\/stilfibra\/"]},{"@type":"Person","@id":"https:\/\/stilfibra.com\/fr\/#\/schema\/person\/922ad438d032bc574210b7e49f2c4541","name":"Giulia","image":{"@type":"ImageObject","inLanguage":"fr-FR","@id":"https:\/\/stilfibra.com\/fr\/#\/schema\/person\/image\/","url":"https:\/\/secure.gravatar.com\/avatar\/fc5fffa24a28f7f960f402d8a3c5af50a30eaffda97bfb473d8c94f37e6f02e0?s=96&d=mm&r=g","contentUrl":"https:\/\/secure.gravatar.com\/avatar\/fc5fffa24a28f7f960f402d8a3c5af50a30eaffda97bfb473d8c94f37e6f02e0?s=96&d=mm&r=g","caption":"Giulia"},"url":"https:\/\/stilfibra.com\/fr\/author\/giulia\/"}]}},"acf":[],"_links":{"self":[{"href":"https:\/\/stilfibra.com\/fr\/wp-json\/wp\/v2\/posts\/3104","targetHints":{"allow":["GET"]}}],"collection":[{"href":"https:\/\/stilfibra.com\/fr\/wp-json\/wp\/v2\/posts"}],"about":[{"href":"https:\/\/stilfibra.com\/fr\/wp-json\/wp\/v2\/types\/post"}],"author":[{"embeddable":true,"href":"https:\/\/stilfibra.com\/fr\/wp-json\/wp\/v2\/users\/9"}],"replies":[{"embeddable":true,"href":"https:\/\/stilfibra.com\/fr\/wp-json\/wp\/v2\/comments?post=3104"}],"version-history":[{"count":4,"href":"https:\/\/stilfibra.com\/fr\/wp-json\/wp\/v2\/posts\/3104\/revisions"}],"predecessor-version":[{"id":3108,"href":"https:\/\/stilfibra.com\/fr\/wp-json\/wp\/v2\/posts\/3104\/revisions\/3108"}],"wp:attachment":[{"href":"https:\/\/stilfibra.com\/fr\/wp-json\/wp\/v2\/media?parent=3104"}],"wp:term":[{"taxonomy":"category","embeddable":true,"href":"https:\/\/stilfibra.com\/fr\/wp-json\/wp\/v2\/categories?post=3104"},{"taxonomy":"post_tag","embeddable":true,"href":"https:\/\/stilfibra.com\/fr\/wp-json\/wp\/v2\/tags?post=3104"}],"curies":[{"name":"wp","href":"https:\/\/api.w.org\/{rel}","templated":true}]}}