{"id":3492,"date":"2025-10-09T16:24:32","date_gmt":"2025-10-09T14:24:32","guid":{"rendered":"https:\/\/stilfibra.com\/?p=3492"},"modified":"2025-10-14T16:01:28","modified_gmt":"2025-10-14T14:01:28","slug":"blog-erbi-miski-maison-objet-design-durable","status":"publish","type":"post","link":"https:\/\/stilfibra.com\/fr\/blog-erbi-miski-maison-objet-design-durable\/","title":{"rendered":"Erbi Miski \u00e0 Maison&amp;Objet : le design italien durable"},"content":{"rendered":"\n<h1 class=\"wp-block-heading\">Erbi Miski \u00e0 Maison&amp;Objet : le design italien durable<\/h1>\n\n\n\n<p class=\"has-medium-font-size\">Chaque ann\u00e9e, \u00e0 Paris, <strong>Maison&amp;Objet<\/strong> devient le c\u0153ur battant du design international. Un salon qui ne se limite pas \u00e0 exposer des objets, mais qui raconte des visions, des styles de vie, de nouvelles sensibilit\u00e9s. <strong>Du 4 au 8 septembre<\/strong>, dans les pavillons de la capitale fran\u00e7aise, se sont rencontr\u00e9s des designers, des architectes et des marques qui partagent la m\u00eame curiosit\u00e9: <strong>donner forme \u00e0 une mani\u00e8re diff\u00e9rente d&rsquo;habiter le monde<\/strong>.<\/p>\n\n\n\n<div style=\"height:20px\" aria-hidden=\"true\" class=\"wp-block-spacer\"><\/div>\n\n\n\n<figure class=\"wp-block-image size-large is-resized\"><img decoding=\"async\" width=\"1024\" height=\"768\" src=\"https:\/\/stilfibra.com\/wp-content\/uploads\/2025\/10\/MOM-GLOBAL-2-1024x768.jpg\" alt=\"\" class=\"wp-image-3260\" style=\"width:789px\" srcset=\"https:\/\/stilfibra.com\/wp-content\/uploads\/2025\/10\/MOM-GLOBAL-2-1024x768.jpg 1024w, https:\/\/stilfibra.com\/wp-content\/uploads\/2025\/10\/MOM-GLOBAL-2-300x225.jpg 300w, https:\/\/stilfibra.com\/wp-content\/uploads\/2025\/10\/MOM-GLOBAL-2-768x576.jpg 768w, https:\/\/stilfibra.com\/wp-content\/uploads\/2025\/10\/MOM-GLOBAL-2-1536x1152.jpg 1536w, https:\/\/stilfibra.com\/wp-content\/uploads\/2025\/10\/MOM-GLOBAL-2.jpg 2000w\" sizes=\"(max-width: 1024px) 100vw, 1024px\" \/><\/figure>\n\n\n\n<div style=\"height:20px\" aria-hidden=\"true\" class=\"wp-block-spacer\"><\/div>\n\n\n\n<h2 class=\"wp-block-heading has-large-font-size\"><strong>Maison&amp;Objet : la sc\u00e8ne des tendances mondiales<\/strong><\/h2>\n\n\n\n<p class=\"has-medium-font-size\">Depuis pr\u00e8s de trente ans, <strong>Maison&amp;Objet Paris<\/strong> est consid\u00e9r\u00e9 comme l&rsquo;un des salons de r\u00e9f\u00e9rence pour les professionnels de l&rsquo;<strong>ameublement<\/strong>, du <strong>design <\/strong>et de la <strong>d\u00e9coration d&rsquo;int\u00e9rieur<\/strong>. Un \u00e9v\u00e9nement qui anticipe les tendances et inspire les professionnels, les acheteurs et les passionn\u00e9s du monde entier.<\/p>\n\n\n\n<p class=\"has-medium-font-size\">Chaque \u00e9dition s&rsquo;articule autour d&rsquo;un <strong>th\u00e8me <\/strong>capable d&rsquo;interpr\u00e9ter le pr\u00e9sent et d&rsquo;orienter la cr\u00e9ativit\u00e9 vers de nouvelles directions : mat\u00e9riaux innovants, processus durables et design \u00e9motionnel qui place l&rsquo;exp\u00e9rience humaine au centre.<\/p>\n\n\n\n<h2 class=\"wp-block-heading has-large-font-size\"><strong>En 2025 : Erbi dans les sous-bois<\/strong><\/h2>\n\n\n\n<p class=\"has-medium-font-size\">Pour l&rsquo;\u00e9dition 2025, <strong>Maison&amp;Objet<\/strong> a choisi d&rsquo;explorer le <strong>th\u00e8me du<em> \u00ab sous-bois \u00bb<\/em><\/strong> : un univers silencieux et vital qui invite \u00e0 red\u00e9couvrir la <strong>force po\u00e9tique de la nature<\/strong>. Dans le cadre de cette installation, <strong>Erbi Miski<\/strong> a \u00e9t\u00e9 choisie comme exemple concret de <strong>design italien durable<\/strong>. Elle correspond parfaitement \u00e0 la s\u00e9lection chromatique inspir\u00e9e des nuances du monde v\u00e9g\u00e9tal : <strong>vert olive<\/strong>, <strong>amande <\/strong>et <strong>sauge<\/strong>.<\/p>\n\n\n\n<p class=\"has-medium-font-size\">Le si\u00e8ge est n\u00e9 de l&rsquo;union entre le <strong>plastique recycl\u00e9<\/strong> et les <strong>d\u00e9chets de fibre de miscanthus<\/strong>, une plante aux propri\u00e9t\u00e9s \u00e9cologiques extraordinaires. Le r\u00e9sultat est une chaise <strong>l\u00e9g\u00e8re<\/strong>, <strong>r\u00e9sistante <\/strong>et au <strong>caract\u00e8re authentique<\/strong>, qui interpr\u00e8te la durabilit\u00e9 comme un dialogue entre <strong>beaut\u00e9<\/strong>, <strong>mati\u00e8re <\/strong>et <strong>innovation<\/strong>.<\/p>\n\n\n\n<div style=\"height:20px\" aria-hidden=\"true\" class=\"wp-block-spacer\"><\/div>\n\n\n\n<figure class=\"wp-block-image size-large is-resized\"><img decoding=\"async\" width=\"768\" height=\"1024\" src=\"https:\/\/stilfibra.com\/wp-content\/uploads\/2025\/10\/stilfibra-768x1024.jpg\" alt=\"\" class=\"wp-image-3263\" style=\"width:789px\" srcset=\"https:\/\/stilfibra.com\/wp-content\/uploads\/2025\/10\/stilfibra-768x1024.jpg 768w, https:\/\/stilfibra.com\/wp-content\/uploads\/2025\/10\/stilfibra-225x300.jpg 225w, https:\/\/stilfibra.com\/wp-content\/uploads\/2025\/10\/stilfibra-1152x1536.jpg 1152w, https:\/\/stilfibra.com\/wp-content\/uploads\/2025\/10\/stilfibra.jpg 1500w\" sizes=\"(max-width: 768px) 100vw, 768px\" \/><\/figure>\n\n\n\n<div style=\"height:20px\" aria-hidden=\"true\" class=\"wp-block-spacer\"><\/div>\n\n\n\n<p class=\"has-medium-font-size\">\u00catre s\u00e9lectionn\u00e9s par Maison&amp;Objet repr\u00e9sente pour nous <strong>une reconnaissance importante<\/strong> : une confirmation de la valeur de notre engagement \u00e0 proposer des meubles qui n&rsquo;introduisent pas de nouveau plastique dans le monde, mais transforment ce qui existe d\u00e9j\u00e0 en <strong>formes nouvelles<\/strong>, <strong>\u00e9l\u00e9gantes <\/strong>et <strong>durables<\/strong>.<\/p>\n\n\n\n<p class=\"has-medium-font-size\"><a href=\"https:\/\/stilfibra.com\/fr\/sedie\/erbi-miski\/\">D\u00e9couvrez-en davantage sur Erbi Miski<\/a> et la collection de si\u00e8ges Stilfibra : un design durable qui fait entrer la nature dans les espaces quotidiens.<\/p>\n","protected":false},"excerpt":{"rendered":"<p>Erbi Miski de Stilfibra a \u00e9t\u00e9 s\u00e9lectionn\u00e9 \u00e0 Maison&#038;Objet Paris 2025 : un exemple de design durable fait de fibres naturelles et de plastique recycl\u00e9.<\/p>\n","protected":false},"author":9,"featured_media":0,"comment_status":"closed","ping_status":"closed","sticky":false,"template":"","format":"standard","meta":{"footnotes":""},"categories":[18],"tags":[30],"class_list":["post-3492","post","type-post","status-publish","format-standard","hentry","category-non-classifiee","tag-evenements"],"yoast_head":"<!-- This site is optimized with the Yoast SEO plugin v22.9 - https:\/\/yoast.com\/wordpress\/plugins\/seo\/ -->\n<title>Erbi Miski \u00e0 Maison&amp;Objet : le design italien durable - StilFibra<\/title>\n<meta name=\"description\" content=\"Erbi Miski, la chaise en plastique recycl\u00e9 et fibre de miscanthus, protagoniste du salon Maison&amp;Objet 2025 avec son design durable made in Italy.\" \/>\n<meta name=\"robots\" content=\"index, follow, max-snippet:-1, max-image-preview:large, max-video-preview:-1\" \/>\n<link rel=\"canonical\" href=\"https:\/\/stilfibra.com\/fr\/blog-erbi-miski-maison-objet-design-durable\/\" \/>\n<meta property=\"og:locale\" content=\"fr_FR\" \/>\n<meta property=\"og:type\" content=\"article\" \/>\n<meta property=\"og:title\" content=\"Erbi Miski \u00e0 Maison&amp;Objet : le design italien durable - StilFibra\" \/>\n<meta property=\"og:description\" content=\"Erbi Miski, la chaise en plastique recycl\u00e9 et fibre de miscanthus, protagoniste du salon Maison&amp;Objet 2025 avec son design durable made in Italy.\" \/>\n<meta property=\"og:url\" content=\"https:\/\/stilfibra.com\/fr\/blog-erbi-miski-maison-objet-design-durable\/\" \/>\n<meta property=\"og:site_name\" content=\"StilFibra\" \/>\n<meta property=\"article:publisher\" content=\"https:\/\/www.facebook.com\/Stilfibra?locale=it_IT\" \/>\n<meta property=\"article:published_time\" content=\"2025-10-09T14:24:32+00:00\" \/>\n<meta property=\"article:modified_time\" content=\"2025-10-14T14:01:28+00:00\" \/>\n<meta property=\"og:image\" content=\"https:\/\/stilfibra.com\/wp-content\/uploads\/2025\/10\/MOM-GLOBAL-2-1024x768.jpg\" \/>\n<meta name=\"author\" content=\"Giulia\" \/>\n<meta name=\"twitter:card\" content=\"summary_large_image\" \/>\n<meta name=\"twitter:label1\" content=\"\u00c9crit par\" \/>\n\t<meta name=\"twitter:data1\" content=\"Giulia\" \/>\n\t<meta name=\"twitter:label2\" content=\"Dur\u00e9e de lecture estim\u00e9e\" \/>\n\t<meta name=\"twitter:data2\" content=\"3 minutes\" \/>\n<script type=\"application\/ld+json\" class=\"yoast-schema-graph\">{\"@context\":\"https:\/\/schema.org\",\"@graph\":[{\"@type\":\"Article\",\"@id\":\"https:\/\/stilfibra.com\/fr\/blog-erbi-miski-maison-objet-design-durable\/#article\",\"isPartOf\":{\"@id\":\"https:\/\/stilfibra.com\/fr\/blog-erbi-miski-maison-objet-design-durable\/\"},\"author\":{\"name\":\"Giulia\",\"@id\":\"https:\/\/stilfibra.com\/fr\/#\/schema\/person\/922ad438d032bc574210b7e49f2c4541\"},\"headline\":\"Erbi Miski \u00e0 Maison&amp;Objet : le design italien durable\",\"datePublished\":\"2025-10-09T14:24:32+00:00\",\"dateModified\":\"2025-10-14T14:01:28+00:00\",\"mainEntityOfPage\":{\"@id\":\"https:\/\/stilfibra.com\/fr\/blog-erbi-miski-maison-objet-design-durable\/\"},\"wordCount\":412,\"publisher\":{\"@id\":\"https:\/\/stilfibra.com\/fr\/#organization\"},\"image\":{\"@id\":\"https:\/\/stilfibra.com\/fr\/blog-erbi-miski-maison-objet-design-durable\/#primaryimage\"},\"thumbnailUrl\":\"https:\/\/stilfibra.com\/wp-content\/uploads\/2025\/10\/MOM-GLOBAL-2-1024x768.jpg\",\"keywords\":[\"Ev\u00e9nements\"],\"articleSection\":[\"Non classifi\u00e9(e)\"],\"inLanguage\":\"fr-FR\"},{\"@type\":\"WebPage\",\"@id\":\"https:\/\/stilfibra.com\/fr\/blog-erbi-miski-maison-objet-design-durable\/\",\"url\":\"https:\/\/stilfibra.com\/fr\/blog-erbi-miski-maison-objet-design-durable\/\",\"name\":\"Erbi Miski \u00e0 Maison&amp;Objet : le design italien durable - StilFibra\",\"isPartOf\":{\"@id\":\"https:\/\/stilfibra.com\/fr\/#website\"},\"primaryImageOfPage\":{\"@id\":\"https:\/\/stilfibra.com\/fr\/blog-erbi-miski-maison-objet-design-durable\/#primaryimage\"},\"image\":{\"@id\":\"https:\/\/stilfibra.com\/fr\/blog-erbi-miski-maison-objet-design-durable\/#primaryimage\"},\"thumbnailUrl\":\"https:\/\/stilfibra.com\/wp-content\/uploads\/2025\/10\/MOM-GLOBAL-2-1024x768.jpg\",\"datePublished\":\"2025-10-09T14:24:32+00:00\",\"dateModified\":\"2025-10-14T14:01:28+00:00\",\"description\":\"Erbi Miski, la chaise en plastique recycl\u00e9 et fibre de miscanthus, protagoniste du salon Maison&Objet 2025 avec son design durable made in Italy.\",\"breadcrumb\":{\"@id\":\"https:\/\/stilfibra.com\/fr\/blog-erbi-miski-maison-objet-design-durable\/#breadcrumb\"},\"inLanguage\":\"fr-FR\",\"potentialAction\":[{\"@type\":\"ReadAction\",\"target\":[\"https:\/\/stilfibra.com\/fr\/blog-erbi-miski-maison-objet-design-durable\/\"]}]},{\"@type\":\"ImageObject\",\"inLanguage\":\"fr-FR\",\"@id\":\"https:\/\/stilfibra.com\/fr\/blog-erbi-miski-maison-objet-design-durable\/#primaryimage\",\"url\":\"https:\/\/stilfibra.com\/wp-content\/uploads\/2025\/10\/MOM-GLOBAL-2-1024x768.jpg\",\"contentUrl\":\"https:\/\/stilfibra.com\/wp-content\/uploads\/2025\/10\/MOM-GLOBAL-2-1024x768.jpg\"},{\"@type\":\"BreadcrumbList\",\"@id\":\"https:\/\/stilfibra.com\/fr\/blog-erbi-miski-maison-objet-design-durable\/#breadcrumb\",\"itemListElement\":[{\"@type\":\"ListItem\",\"position\":1,\"name\":\"Home\",\"item\":\"https:\/\/stilfibra.com\/fr\/\"},{\"@type\":\"ListItem\",\"position\":2,\"name\":\"Erbi Miski \u00e0 Maison&amp;Objet : le design italien durable\"}]},{\"@type\":\"WebSite\",\"@id\":\"https:\/\/stilfibra.com\/fr\/#website\",\"url\":\"https:\/\/stilfibra.com\/fr\/\",\"name\":\"Stilfibra\",\"description\":\"StilFibra\",\"publisher\":{\"@id\":\"https:\/\/stilfibra.com\/fr\/#organization\"},\"potentialAction\":[{\"@type\":\"SearchAction\",\"target\":{\"@type\":\"EntryPoint\",\"urlTemplate\":\"https:\/\/stilfibra.com\/fr\/?s={search_term_string}\"},\"query-input\":\"required name=search_term_string\"}],\"inLanguage\":\"fr-FR\"},{\"@type\":\"Organization\",\"@id\":\"https:\/\/stilfibra.com\/fr\/#organization\",\"name\":\"Stilfibra\",\"url\":\"https:\/\/stilfibra.com\/fr\/\",\"logo\":{\"@type\":\"ImageObject\",\"inLanguage\":\"fr-FR\",\"@id\":\"https:\/\/stilfibra.com\/fr\/#\/schema\/logo\/image\/\",\"url\":\"https:\/\/stilfibra.com\/wp-content\/uploads\/2023\/09\/logo-stilfibra.png\",\"contentUrl\":\"https:\/\/stilfibra.com\/wp-content\/uploads\/2023\/09\/logo-stilfibra.png\",\"width\":3334,\"height\":693,\"caption\":\"Stilfibra\"},\"image\":{\"@id\":\"https:\/\/stilfibra.com\/fr\/#\/schema\/logo\/image\/\"},\"sameAs\":[\"https:\/\/www.facebook.com\/Stilfibra?locale=it_IT\",\"https:\/\/www.instagram.com\/stilfibra\/\"]},{\"@type\":\"Person\",\"@id\":\"https:\/\/stilfibra.com\/fr\/#\/schema\/person\/922ad438d032bc574210b7e49f2c4541\",\"name\":\"Giulia\",\"image\":{\"@type\":\"ImageObject\",\"inLanguage\":\"fr-FR\",\"@id\":\"https:\/\/stilfibra.com\/fr\/#\/schema\/person\/image\/\",\"url\":\"https:\/\/secure.gravatar.com\/avatar\/fc5fffa24a28f7f960f402d8a3c5af50a30eaffda97bfb473d8c94f37e6f02e0?s=96&d=mm&r=g\",\"contentUrl\":\"https:\/\/secure.gravatar.com\/avatar\/fc5fffa24a28f7f960f402d8a3c5af50a30eaffda97bfb473d8c94f37e6f02e0?s=96&d=mm&r=g\",\"caption\":\"Giulia\"},\"url\":\"https:\/\/stilfibra.com\/fr\/author\/giulia\/\"}]}<\/script>\n<!-- \/ Yoast SEO plugin. -->","yoast_head_json":{"title":"Erbi Miski \u00e0 Maison&amp;Objet : le design italien durable - StilFibra","description":"Erbi Miski, la chaise en plastique recycl\u00e9 et fibre de miscanthus, protagoniste du salon Maison&Objet 2025 avec son design durable made in Italy.","robots":{"index":"index","follow":"follow","max-snippet":"max-snippet:-1","max-image-preview":"max-image-preview:large","max-video-preview":"max-video-preview:-1"},"canonical":"https:\/\/stilfibra.com\/fr\/blog-erbi-miski-maison-objet-design-durable\/","og_locale":"fr_FR","og_type":"article","og_title":"Erbi Miski \u00e0 Maison&amp;Objet : le design italien durable - StilFibra","og_description":"Erbi Miski, la chaise en plastique recycl\u00e9 et fibre de miscanthus, protagoniste du salon Maison&Objet 2025 avec son design durable made in Italy.","og_url":"https:\/\/stilfibra.com\/fr\/blog-erbi-miski-maison-objet-design-durable\/","og_site_name":"StilFibra","article_publisher":"https:\/\/www.facebook.com\/Stilfibra?locale=it_IT","article_published_time":"2025-10-09T14:24:32+00:00","article_modified_time":"2025-10-14T14:01:28+00:00","og_image":[{"url":"https:\/\/stilfibra.com\/wp-content\/uploads\/2025\/10\/MOM-GLOBAL-2-1024x768.jpg"}],"author":"Giulia","twitter_card":"summary_large_image","twitter_misc":{"\u00c9crit par":"Giulia","Dur\u00e9e de lecture estim\u00e9e":"3 minutes"},"schema":{"@context":"https:\/\/schema.org","@graph":[{"@type":"Article","@id":"https:\/\/stilfibra.com\/fr\/blog-erbi-miski-maison-objet-design-durable\/#article","isPartOf":{"@id":"https:\/\/stilfibra.com\/fr\/blog-erbi-miski-maison-objet-design-durable\/"},"author":{"name":"Giulia","@id":"https:\/\/stilfibra.com\/fr\/#\/schema\/person\/922ad438d032bc574210b7e49f2c4541"},"headline":"Erbi Miski \u00e0 Maison&amp;Objet : le design italien durable","datePublished":"2025-10-09T14:24:32+00:00","dateModified":"2025-10-14T14:01:28+00:00","mainEntityOfPage":{"@id":"https:\/\/stilfibra.com\/fr\/blog-erbi-miski-maison-objet-design-durable\/"},"wordCount":412,"publisher":{"@id":"https:\/\/stilfibra.com\/fr\/#organization"},"image":{"@id":"https:\/\/stilfibra.com\/fr\/blog-erbi-miski-maison-objet-design-durable\/#primaryimage"},"thumbnailUrl":"https:\/\/stilfibra.com\/wp-content\/uploads\/2025\/10\/MOM-GLOBAL-2-1024x768.jpg","keywords":["Ev\u00e9nements"],"articleSection":["Non classifi\u00e9(e)"],"inLanguage":"fr-FR"},{"@type":"WebPage","@id":"https:\/\/stilfibra.com\/fr\/blog-erbi-miski-maison-objet-design-durable\/","url":"https:\/\/stilfibra.com\/fr\/blog-erbi-miski-maison-objet-design-durable\/","name":"Erbi Miski \u00e0 Maison&amp;Objet : le design italien durable - StilFibra","isPartOf":{"@id":"https:\/\/stilfibra.com\/fr\/#website"},"primaryImageOfPage":{"@id":"https:\/\/stilfibra.com\/fr\/blog-erbi-miski-maison-objet-design-durable\/#primaryimage"},"image":{"@id":"https:\/\/stilfibra.com\/fr\/blog-erbi-miski-maison-objet-design-durable\/#primaryimage"},"thumbnailUrl":"https:\/\/stilfibra.com\/wp-content\/uploads\/2025\/10\/MOM-GLOBAL-2-1024x768.jpg","datePublished":"2025-10-09T14:24:32+00:00","dateModified":"2025-10-14T14:01:28+00:00","description":"Erbi Miski, la chaise en plastique recycl\u00e9 et fibre de miscanthus, protagoniste du salon Maison&Objet 2025 avec son design durable made in Italy.","breadcrumb":{"@id":"https:\/\/stilfibra.com\/fr\/blog-erbi-miski-maison-objet-design-durable\/#breadcrumb"},"inLanguage":"fr-FR","potentialAction":[{"@type":"ReadAction","target":["https:\/\/stilfibra.com\/fr\/blog-erbi-miski-maison-objet-design-durable\/"]}]},{"@type":"ImageObject","inLanguage":"fr-FR","@id":"https:\/\/stilfibra.com\/fr\/blog-erbi-miski-maison-objet-design-durable\/#primaryimage","url":"https:\/\/stilfibra.com\/wp-content\/uploads\/2025\/10\/MOM-GLOBAL-2-1024x768.jpg","contentUrl":"https:\/\/stilfibra.com\/wp-content\/uploads\/2025\/10\/MOM-GLOBAL-2-1024x768.jpg"},{"@type":"BreadcrumbList","@id":"https:\/\/stilfibra.com\/fr\/blog-erbi-miski-maison-objet-design-durable\/#breadcrumb","itemListElement":[{"@type":"ListItem","position":1,"name":"Home","item":"https:\/\/stilfibra.com\/fr\/"},{"@type":"ListItem","position":2,"name":"Erbi Miski \u00e0 Maison&amp;Objet : le design italien durable"}]},{"@type":"WebSite","@id":"https:\/\/stilfibra.com\/fr\/#website","url":"https:\/\/stilfibra.com\/fr\/","name":"Stilfibra","description":"StilFibra","publisher":{"@id":"https:\/\/stilfibra.com\/fr\/#organization"},"potentialAction":[{"@type":"SearchAction","target":{"@type":"EntryPoint","urlTemplate":"https:\/\/stilfibra.com\/fr\/?s={search_term_string}"},"query-input":"required name=search_term_string"}],"inLanguage":"fr-FR"},{"@type":"Organization","@id":"https:\/\/stilfibra.com\/fr\/#organization","name":"Stilfibra","url":"https:\/\/stilfibra.com\/fr\/","logo":{"@type":"ImageObject","inLanguage":"fr-FR","@id":"https:\/\/stilfibra.com\/fr\/#\/schema\/logo\/image\/","url":"https:\/\/stilfibra.com\/wp-content\/uploads\/2023\/09\/logo-stilfibra.png","contentUrl":"https:\/\/stilfibra.com\/wp-content\/uploads\/2023\/09\/logo-stilfibra.png","width":3334,"height":693,"caption":"Stilfibra"},"image":{"@id":"https:\/\/stilfibra.com\/fr\/#\/schema\/logo\/image\/"},"sameAs":["https:\/\/www.facebook.com\/Stilfibra?locale=it_IT","https:\/\/www.instagram.com\/stilfibra\/"]},{"@type":"Person","@id":"https:\/\/stilfibra.com\/fr\/#\/schema\/person\/922ad438d032bc574210b7e49f2c4541","name":"Giulia","image":{"@type":"ImageObject","inLanguage":"fr-FR","@id":"https:\/\/stilfibra.com\/fr\/#\/schema\/person\/image\/","url":"https:\/\/secure.gravatar.com\/avatar\/fc5fffa24a28f7f960f402d8a3c5af50a30eaffda97bfb473d8c94f37e6f02e0?s=96&d=mm&r=g","contentUrl":"https:\/\/secure.gravatar.com\/avatar\/fc5fffa24a28f7f960f402d8a3c5af50a30eaffda97bfb473d8c94f37e6f02e0?s=96&d=mm&r=g","caption":"Giulia"},"url":"https:\/\/stilfibra.com\/fr\/author\/giulia\/"}]}},"acf":[],"_links":{"self":[{"href":"https:\/\/stilfibra.com\/fr\/wp-json\/wp\/v2\/posts\/3492","targetHints":{"allow":["GET"]}}],"collection":[{"href":"https:\/\/stilfibra.com\/fr\/wp-json\/wp\/v2\/posts"}],"about":[{"href":"https:\/\/stilfibra.com\/fr\/wp-json\/wp\/v2\/types\/post"}],"author":[{"embeddable":true,"href":"https:\/\/stilfibra.com\/fr\/wp-json\/wp\/v2\/users\/9"}],"replies":[{"embeddable":true,"href":"https:\/\/stilfibra.com\/fr\/wp-json\/wp\/v2\/comments?post=3492"}],"version-history":[{"count":1,"href":"https:\/\/stilfibra.com\/fr\/wp-json\/wp\/v2\/posts\/3492\/revisions"}],"predecessor-version":[{"id":3494,"href":"https:\/\/stilfibra.com\/fr\/wp-json\/wp\/v2\/posts\/3492\/revisions\/3494"}],"wp:attachment":[{"href":"https:\/\/stilfibra.com\/fr\/wp-json\/wp\/v2\/media?parent=3492"}],"wp:term":[{"taxonomy":"category","embeddable":true,"href":"https:\/\/stilfibra.com\/fr\/wp-json\/wp\/v2\/categories?post=3492"},{"taxonomy":"post_tag","embeddable":true,"href":"https:\/\/stilfibra.com\/fr\/wp-json\/wp\/v2\/tags?post=3492"}],"curies":[{"name":"wp","href":"https:\/\/api.w.org\/{rel}","templated":true}]}}